{"id":2021,"date":"2026-04-29T03:56:00","date_gmt":"2026-04-29T01:56:00","guid":{"rendered":"https:\/\/wp.jocotoco.org\/inauguracion-de-la-reserva-los-petreles-fortalece-la-conservacion-en-san-cristobal\/"},"modified":"2026-08-17T00:21:40","modified_gmt":"2026-08-16T22:21:40","slug":"reserva-los-petreles-conservacion-san-cristobal","status":"publish","type":"post","link":"https:\/\/wp.jocotoco.org\/es\/reserva-los-petreles-conservacion-san-cristobal\/","title":{"rendered":"Inauguraci\u00f3n de la Reserva Los Petreles fortalece la conservaci\u00f3n en San Crist\u00f3bal"},"content":{"rendered":"\t\t<div data-elementor-type=\"wp-post\" data-elementor-id=\"2021\" class=\"elementor elementor-2021 elementor-1560\" data-elementor-post-type=\"post\">\n\t\t\t\t<div class=\"elementor-element elementor-element-7161f05 e-con-full e-flex e-con e-parent\" data-id=\"7161f05\" data-element_type=\"container\" data-e-type=\"container\">\n\t\t\t\t<div class=\"elementor-element elementor-element-277f8a8 elementor-widget elementor-widget-text-editor\" data-id=\"277f8a8\" data-element_type=\"widget\" data-e-type=\"widget\" data-widget_type=\"text-editor.default\">\n\t\t\t\t\t\t\t\t\t<p>Situada en las tierras altas de San Crist\u00f3bal, en terrenos privados dentro de la zona agr\u00edcola de la isla, la reserva marca un hito en los esfuerzos de restauraci\u00f3n ecol\u00f3gica y la protecci\u00f3n del h\u00e1bitat de reproducci\u00f3n cr\u00edtico para esta especie end\u00e9mica, clasificada como en peligro cr\u00edtico de extinci\u00f3n por la Uni\u00f3n Internacional para la Conservaci\u00f3n de la Naturaleza (UICN).<\/p><p>La Reserva Los Petreles protege aproximadamente 118 hect\u00e1reas de bosque nativo, dominado por <i>Miconia robinsoniana<\/i>, y alberga una alta biodiversidad, incluyendo al menos 27 especies de aves nativas, end\u00e9micas y migratorias, as\u00ed como helechos nativos y orqu\u00eddeas end\u00e9micas. Actualmente, salvaguarda siete colonias de anidaci\u00f3n de petreles y 141 nidos, posicion\u00e1ndola como uno de los sitios m\u00e1s importantes para la recuperaci\u00f3n del petrel en San Crist\u00f3bal. <\/p>\t\t\t\t\t\t\t\t<\/div>\n\t\t\t\t<div class=\"elementor-element elementor-element-be3d72b elementor-widget elementor-widget-image\" data-id=\"be3d72b\" data-element_type=\"widget\" data-e-type=\"widget\" data-widget_type=\"image.default\">\n\t\t\t\t\t\t\t\t\t\t\t\t\t\t\t<img fetchpriority=\"high\" decoding=\"async\" width=\"800\" height=\"502\" src=\"https:\/\/wp.jocotoco.org\/wp-content\/uploads\/2026\/04\/Petreles-6-1024x642.webp\" class=\"attachment-large size-large wp-image-2027\" alt=\"Reserva Los Petreles\" srcset=\"https:\/\/wp.jocotoco.org\/wp-content\/uploads\/2026\/04\/Petreles-6-1024x642.webp 1024w, https:\/\/wp.jocotoco.org\/wp-content\/uploads\/2026\/04\/Petreles-6-300x188.webp 300w, https:\/\/wp.jocotoco.org\/wp-content\/uploads\/2026\/04\/Petreles-6-768x482.webp 768w, https:\/\/wp.jocotoco.org\/wp-content\/uploads\/2026\/04\/Petreles-6.webp 1057w\" sizes=\"(max-width: 800px) 100vw, 800px\" \/>\t\t\t\t\t\t\t\t\t\t\t\t\t\t\t<\/div>\n\t\t\t\t<div class=\"elementor-element elementor-element-0fa04d1 elementor-widget elementor-widget-text-editor\" data-id=\"0fa04d1\" data-element_type=\"widget\" data-e-type=\"widget\" data-widget_type=\"text-editor.default\">\n\t\t\t\t\t\t\t\t\t<p>Durante el evento de inauguraci\u00f3n, se destacaron los siguientes puntos:<\/p><ul><li>La importancia ecol\u00f3gica del petrel como indicador de la salud del ecosistema insular.<\/li><li>Avances en el control de especies invasoras y la restauraci\u00f3n del h\u00e1bitat.<\/li><li>Fortalecimiento de los programas de educaci\u00f3n ambiental para ni\u00f1os y j\u00f3venes en San Crist\u00f3bal.<\/li><li>El establecimiento de un espacio para la investigaci\u00f3n cient\u00edfica, el monitoreo y las visitas educativas controladas.<\/li><\/ul>\t\t\t\t\t\t\t\t<\/div>\n\t\t\t\t<div class=\"elementor-element elementor-element-30ea685 elementor-blockquote--skin-boxed elementor-widget elementor-widget-blockquote\" data-id=\"30ea685\" data-element_type=\"widget\" data-e-type=\"widget\" data-widget_type=\"blockquote.default\">\n\t\t\t\t\t\t\t<blockquote class=\"elementor-blockquote\">\n\t\t\t<p class=\"elementor-blockquote__content\">\n\t\t\t\t\u00abCada acci\u00f3n de conservaci\u00f3n es el resultado de a\u00f1os de planificaci\u00f3n, trabajo t\u00e9cnico y compromiso humano. La Reserva Los Petreles representa esperanza, resiliencia y un futuro para las nuevas generaciones\u00bb\t\t\t<\/p>\n\t\t\t\t\t\t\t<div class=\"e-q-footer\">\n\t\t\t\t\t\t\t\t\t\t\t<cite class=\"elementor-blockquote__author\">Eli\u00e9cer Cruz, Director of Fundaci\u00f3n Jocotoco's Gal\u00e1pagos Program.<\/cite>\n\t\t\t\t\t\t\t\t\t\t\t\t\t\t<\/div>\n\t\t\t\t\t<\/blockquote>\n\t\t\t\t\t\t<\/div>\n\t\t\t\t<div class=\"elementor-element elementor-element-314f035 elementor-widget elementor-widget-image\" data-id=\"314f035\" data-element_type=\"widget\" data-e-type=\"widget\" data-widget_type=\"image.default\">\n\t\t\t\t\t\t\t\t\t\t\t\t\t\t\t<img decoding=\"async\" width=\"800\" height=\"452\" src=\"https:\/\/wp.jocotoco.org\/wp-content\/uploads\/2026\/04\/Petreles-5-1024x578.webp\" class=\"attachment-large size-large wp-image-2026\" alt=\"Reserva Los Petreles\" srcset=\"https:\/\/wp.jocotoco.org\/wp-content\/uploads\/2026\/04\/Petreles-5-1024x578.webp 1024w, https:\/\/wp.jocotoco.org\/wp-content\/uploads\/2026\/04\/Petreles-5-300x169.webp 300w, https:\/\/wp.jocotoco.org\/wp-content\/uploads\/2026\/04\/Petreles-5-768x434.webp 768w, https:\/\/wp.jocotoco.org\/wp-content\/uploads\/2026\/04\/Petreles-5.webp 1280w\" sizes=\"(max-width: 800px) 100vw, 800px\" \/>\t\t\t\t\t\t\t\t\t\t\t\t\t\t\t<\/div>\n\t\t\t\t<div class=\"elementor-element elementor-element-04aa743 elementor-widget elementor-widget-text-editor\" data-id=\"04aa743\" data-element_type=\"widget\" data-e-type=\"widget\" data-widget_type=\"text-editor.default\">\n\t\t\t\t\t\t\t\t\t<p>M\u00e1s all\u00e1 de su valor ecol\u00f3gico, la reserva se concibe como un espacio educativo vivo donde estudiantes de Gal\u00e1pagos, cient\u00edficos y voluntarios pueden aprender y contribuir activamente a la conservaci\u00f3n de esta especie. Desde 2023, los programas educativos han involucrado a estudiantes de San Crist\u00f3bal, Santa Cruz e Isabela en experiencias de aprendizaje pr\u00e1ctico que combinan ciencia, exploraci\u00f3n e interacci\u00f3n directa con la biodiversidad. <\/p><p>La inauguraci\u00f3n oficial de la reserva no solo protege una especie en peligro cr\u00edtico de extinci\u00f3n, sino que tambi\u00e9n reafirma el compromiso de conservar los ecosistemas terrestres y marinos de Gal\u00e1pagos como un \u00e1rea de patrimonio natural de importancia global.<\/p>\t\t\t\t\t\t\t\t<\/div>\n\t\t\t\t<div class=\"elementor-element elementor-element-4ef7b20 elementor-widget elementor-widget-heading\" data-id=\"4ef7b20\" data-element_type=\"widget\" data-e-type=\"widget\" data-widget_type=\"heading.default\">\n\t\t\t\t\t<h3 class=\"elementor-heading-title elementor-size-default\">Sobre el petrel de Gal\u00e1pagos<\/h3>\t\t\t\t<\/div>\n\t\t\t\t<div class=\"elementor-element elementor-element-cd152da elementor-widget elementor-widget-image\" data-id=\"cd152da\" data-element_type=\"widget\" data-e-type=\"widget\" data-widget_type=\"image.default\">\n\t\t\t\t\t\t\t\t\t\t\t\t\t\t\t<img decoding=\"async\" width=\"800\" height=\"548\" src=\"https:\/\/wp.jocotoco.org\/wp-content\/uploads\/2026\/04\/Petreles-4-1024x701.webp\" class=\"attachment-large size-large wp-image-2025\" alt=\"Reserva Los Petreles\" srcset=\"https:\/\/wp.jocotoco.org\/wp-content\/uploads\/2026\/04\/Petreles-4-1024x701.webp 1024w, https:\/\/wp.jocotoco.org\/wp-content\/uploads\/2026\/04\/Petreles-4-300x205.webp 300w, https:\/\/wp.jocotoco.org\/wp-content\/uploads\/2026\/04\/Petreles-4-768x526.webp 768w, https:\/\/wp.jocotoco.org\/wp-content\/uploads\/2026\/04\/Petreles-4.webp 1233w\" sizes=\"(max-width: 800px) 100vw, 800px\" \/>\t\t\t\t\t\t\t\t\t\t\t\t\t\t\t<\/div>\n\t\t\t\t<div class=\"elementor-element elementor-element-f3da229 elementor-widget elementor-widget-text-editor\" data-id=\"f3da229\" data-element_type=\"widget\" data-e-type=\"widget\" data-widget_type=\"text-editor.default\">\n\t\t\t\t\t\t\t\t\t<p>El petrel de Gal\u00e1pagos desempe\u00f1a un papel ecol\u00f3gico vital: pasa la mayor parte de su vida en el mar y regresa a tierra solo para anidar, conectando los ecosistemas marinos y terrestres mientras aporta nutrientes esenciales a los suelos de la isla.<\/p><p>Sin embargo, se enfrenta a m\u00faltiples amenazas, incluyendo la depredaci\u00f3n por especies introducidas como ratas, gatos y perros asilvestrados; la degradaci\u00f3n del h\u00e1bitat causada por plantas invasoras o una mala gesti\u00f3n del ganado; y la contaminaci\u00f3n marina, particularmente los pl\u00e1sticos.<\/p>\t\t\t\t\t\t\t\t<\/div>\n\t\t\t\t<div class=\"elementor-element elementor-element-c87f870 elementor-widget elementor-widget-image\" data-id=\"c87f870\" data-element_type=\"widget\" data-e-type=\"widget\" data-widget_type=\"image.default\">\n\t\t\t\t\t\t\t\t\t\t\t\t\t\t\t<img loading=\"lazy\" decoding=\"async\" width=\"800\" height=\"656\" src=\"https:\/\/wp.jocotoco.org\/wp-content\/uploads\/2026\/04\/Petreles-3.webp\" class=\"attachment-large size-large wp-image-2024\" alt=\"Reserva Los Petreles\" srcset=\"https:\/\/wp.jocotoco.org\/wp-content\/uploads\/2026\/04\/Petreles-3.webp 960w, https:\/\/wp.jocotoco.org\/wp-content\/uploads\/2026\/04\/Petreles-3-300x246.webp 300w, https:\/\/wp.jocotoco.org\/wp-content\/uploads\/2026\/04\/Petreles-3-768x630.webp 768w\" sizes=\"(max-width: 800px) 100vw, 800px\" \/>\t\t\t\t\t\t\t\t\t\t\t\t\t\t\t<\/div>\n\t\t\t\t<div class=\"elementor-element elementor-element-da36e69 elementor-widget elementor-widget-heading\" data-id=\"da36e69\" data-element_type=\"widget\" data-e-type=\"widget\" data-widget_type=\"heading.default\">\n\t\t\t\t\t<h3 class=\"elementor-heading-title elementor-size-default\">Acciones de conservaci\u00f3n\n\n<\/h3>\t\t\t\t<\/div>\n\t\t\t\t<div class=\"elementor-element elementor-element-d14ff96 elementor-widget elementor-widget-text-editor\" data-id=\"d14ff96\" data-element_type=\"widget\" data-e-type=\"widget\" data-widget_type=\"text-editor.default\">\n\t\t\t\t\t\t\t\t\t<p>Fundaci\u00f3n Jocotoco cuenta actualmente con un permiso de investigaci\u00f3n emitido por la Direcci\u00f3n del Parque Nacional Gal\u00e1pagos (DPNG), lo que le permite implementar acciones de conservaci\u00f3n para el petrel de Gal\u00e1pagos en las islas de San Crist\u00f3bal, Floreana y Santa Cruz.<\/p><p>Este esfuerzo de conservaci\u00f3n se lleva a cabo en coordinaci\u00f3n con la DPNG y otros socios estrat\u00e9gicos, bajo un enfoque basado en la evidencia cient\u00edfica y la colaboraci\u00f3n interinstitucional.<\/p><p>Entre los principales logros se encuentra el desarrollo del primer Protocolo de Monitoreo Estandarizado para el petrel de Gal\u00e1pagos, fortaleciendo la generaci\u00f3n de datos clave para apoyar la toma de decisiones de conservaci\u00f3n en todo el archipi\u00e9lago.<\/p>\t\t\t\t\t\t\t\t<\/div>\n\t\t\t\t<div class=\"elementor-element elementor-element-c744738 elementor-widget elementor-widget-image\" data-id=\"c744738\" data-element_type=\"widget\" data-e-type=\"widget\" data-widget_type=\"image.default\">\n\t\t\t\t\t\t\t\t\t\t\t\t\t\t\t<img loading=\"lazy\" decoding=\"async\" width=\"800\" height=\"534\" src=\"https:\/\/wp.jocotoco.org\/wp-content\/uploads\/2026\/04\/Petreles-2-1024x683.webp\" class=\"attachment-large size-large wp-image-2023\" alt=\"Reserva Los Petreles\" srcset=\"https:\/\/wp.jocotoco.org\/wp-content\/uploads\/2026\/04\/Petreles-2-1024x683.webp 1024w, https:\/\/wp.jocotoco.org\/wp-content\/uploads\/2026\/04\/Petreles-2-300x200.webp 300w, https:\/\/wp.jocotoco.org\/wp-content\/uploads\/2026\/04\/Petreles-2-768x512.webp 768w, https:\/\/wp.jocotoco.org\/wp-content\/uploads\/2026\/04\/Petreles-2.webp 1280w\" sizes=\"(max-width: 800px) 100vw, 800px\" \/>\t\t\t\t\t\t\t\t\t\t\t\t\t\t\t<\/div>\n\t\t\t\t<\/div>\n\t\t\t\t<\/div>\n\t\t","protected":false},"excerpt":{"rendered":"<p>Reforzando el compromiso de proteger el capital natural de las Islas Gal\u00e1pagos, la Reserva Los Petreles fue inaugurada oficialmente. La reserva es una de las 18 reservas de Fundaci\u00f3n Jocotoco a nivel nacional y un sitio clave para la conservaci\u00f3n del petrel de Gal\u00e1pagos (Pterodroma phaeopygia), una de las aves marinas m\u00e1s emblem\u00e1ticas y amenazadas del archipi\u00e9lago. <\/p>\n","protected":false},"author":1,"featured_media":2022,"comment_status":"open","ping_status":"open","sticky":false,"template":"","format":"standard","meta":{"_acf_changed":false,"inline_featured_image":false,"footnotes":""},"categories":[37],"tags":[],"class_list":["post-2021","post","type-post","status-publish","format-standard","has-post-thumbnail","hentry","category-impacto-en-la-conservacion"],"acf":[],"_links":{"self":[{"href":"https:\/\/wp.jocotoco.org\/es\/wp-json\/wp\/v2\/posts\/2021","targetHints":{"allow":["GET"]}}],"collection":[{"href":"https:\/\/wp.jocotoco.org\/es\/wp-json\/wp\/v2\/posts"}],"about":[{"href":"https:\/\/wp.jocotoco.org\/es\/wp-json\/wp\/v2\/types\/post"}],"author":[{"embeddable":true,"href":"https:\/\/wp.jocotoco.org\/es\/wp-json\/wp\/v2\/users\/1"}],"replies":[{"embeddable":true,"href":"https:\/\/wp.jocotoco.org\/es\/wp-json\/wp\/v2\/comments?post=2021"}],"version-history":[{"count":1,"href":"https:\/\/wp.jocotoco.org\/es\/wp-json\/wp\/v2\/posts\/2021\/revisions"}],"predecessor-version":[{"id":2028,"href":"https:\/\/wp.jocotoco.org\/es\/wp-json\/wp\/v2\/posts\/2021\/revisions\/2028"}],"wp:featuredmedia":[{"embeddable":true,"href":"https:\/\/wp.jocotoco.org\/es\/wp-json\/wp\/v2\/media\/2022"}],"wp:attachment":[{"href":"https:\/\/wp.jocotoco.org\/es\/wp-json\/wp\/v2\/media?parent=2021"}],"wp:term":[{"taxonomy":"category","embeddable":true,"href":"https:\/\/wp.jocotoco.org\/es\/wp-json\/wp\/v2\/categories?post=2021"},{"taxonomy":"post_tag","embeddable":true,"href":"https:\/\/wp.jocotoco.org\/es\/wp-json\/wp\/v2\/tags?post=2021"}],"curies":[{"name":"wp","href":"https:\/\/api.w.org\/{rel}","templated":true}]}}